{"id":8124,"date":"2024-06-11T09:30:00","date_gmt":"2024-06-11T13:30:00","guid":{"rendered":"https:\/\/kbmediacorp.ca\/?p=8124"},"modified":"2026-04-21T17:03:20","modified_gmt":"2026-04-21T21:03:20","slug":"coordonateur-de-projets-medias","status":"publish","type":"post","link":"https:\/\/kbmediacorp.ca\/fr\/coordonateur-de-projets-medias\/","title":{"rendered":"Coordonnateur(trice) de projets m\u00e9dias"},"content":{"rendered":"\n<h3 class=\"wp-block-heading\"><strong><span style=\"color: revert; font-size: revert; font-family: -apple-system, BlinkMacSystemFont, 'Segoe UI', Roboto, Oxygen-Sans, Ubuntu, Cantarell, 'Helvetica Neue', sans-serif;\">Vous \u00eates un ou une pro des relations avec la client\u00e8le\u2009? Vous souhaitez \u00e9voluer au sein d\u2019une entreprise cr\u00e9ative en pleine croissance\u2009? Vous vivez pour les objectifs et les d\u00e9fis\u2009? Vous \u00eates dou\u00e9(e) pour les chiffres et vous adorez offrir des solutions de commercialisation aux particuliers et aux entreprises\u2009?&nbsp;<\/span>Nous avons une ouverture de poste d&rsquo;une dur\u00e9e d\u00e9termin\u00e9e avec la possibilit\u00e9 d&rsquo;un poste permanent \u00e0 la fin du contrat.&nbsp;<span style=\"color: revert; font-size: revert; font-family: -apple-system, BlinkMacSystemFont, 'Segoe UI', Roboto, Oxygen-Sans, Ubuntu, Cantarell, 'Helvetica Neue', sans-serif;\">Si cette description vous correspond, nous aimerions vous conna\u00eetre\u2009!<\/span><\/strong><\/h3>\n\n\n\n<h1 class=\"wp-block-heading\"><strong>Description du poste<\/strong><\/h1>\n\n\n\n<p>Nous avons besoin de vos talents l\u00e9gendaires en service \u00e0 la client\u00e8le, en accompagnement et en coordination de projets pour cr\u00e9er des exp\u00e9riences sans pareil et nouer des liens avec nos clients actuels et futurs. Ce poste vous demandera de comprendre et d\u2019interpr\u00e9ter les besoins des clients, de saisir les occasions de leur faire valoir les produits et services de KB Media, de conclure des ventes, puis de rediriger nos clients vers la bonne personne au sein de l\u2019\u00e9quipe lorsque c\u2019est n\u00e9cessaire. Votre objectif principal sera d\u2019approfondir activement nos relations professionnelles \u00e0 long terme avec ces clients. Vous r\u00e9digerez des contrats et soumettrez des offres de service pour divers projets, notamment dans les domaines du Web et de l\u2019impression commerciale. Le poste de coordination de projets m\u00e9dias rel\u00e8ve de la directrice des relations client et de l\u2019administration, du chef de l\u2019exploitation et du PDG.<\/p>\n\n\n\n<p>Vous travaillerez en \u00e9troite collaboration avec diverses \u00e9quipes (conception, commercialisation, Web, production) afin de r\u00e9pondre aux besoins de nos clients. C\u2019est un poste qui exige un grand respect des \u00e9ch\u00e9anciers, des budgets et des co\u00fbts. En tant que candidat ou candidate id\u00e9al(e), vous \u00eates aussi \u00e0 l\u2019aise de travailler de fa\u00e7on autonome qu\u2019en \u00e9quipe. Vous avez l\u2019esprit d\u2019initiative et vous adorez r\u00e9soudre des probl\u00e8mes dans un milieu dynamique. Gr\u00e2ce \u00e0 votre excellent sens de l\u2019organisation, vous arrivez \u00e0 proposer des id\u00e9es novatrices \u00e0 votre \u00e9quipe tout en jonglant avec de multiples priorit\u00e9s. Vous d\u00e9montrez un grand souci du d\u00e9tail et pouvez mener plusieurs t\u00e2ches de front, le tout dans un environnement de travail tr\u00e8s exigeant.<\/p>\n\n\n\n<h4 class=\"wp-block-heading\"><strong><strong>Vos responsabilit\u00e9s en tant que Coordonateur(trice) de projets m\u00e9dias :<\/strong><\/strong><\/h4>\n\n\n\n<ul class=\"wp-block-list\">\n<li>\u00c9tablir et entretenir des relations avec des nouveaux clients et nos clients actuels afin d\u2019accro\u00eetre les ventes.<\/li>\n\n\n\n<li>Comprendre et promouvoir notre mod\u00e8le d\u2019affaires ainsi que nos produits et services.<\/li>\n\n\n\n<li>Cr\u00e9er des devis et r\u00e9diger des offres de service pour nos clients.<\/li>\n\n\n\n<li>Respecter les \u00e9ch\u00e9ances et les objectifs de vente.<\/li>\n\n\n\n<li>Recevoir, rencontrer et consulter les clients.<\/li>\n\n\n\n<li>Voyager pour assister \u00e0 des rencontres de vente ou \u00e0 des salons lorsque n\u00e9cessaire.<\/li>\n\n\n\n<li>Interpr\u00e9ter les besoins des clients pour leur proposer des produits et services pertinents.<\/li>\n\n\n\n<li>Consulter les membres de l\u2019\u00e9quipe pour d\u00e9terminer le temps n\u00e9cessaire \u00e0 la r\u00e9alisation des projets.<\/li>\n\n\n\n<li>Visiter les lieux des projets et mesurer les v\u00e9hicules.<\/li>\n\n\n\n<li>Recueillir des renseignements sur les nouveaux clients, percevoir les paiements et soumettre les commandes.<\/li>\n\n\n\n<li>Aider l\u2019\u00e9quipe des relations client et de l\u2019administration \u00e0 pr\u00e9parer les bons de travail , les bons de commande et les factures.<\/li>\n\n\n\n<li>Aider \u00e0 maintenir \u00e0 jour les renseignements sur les prix et les documents financiers.<\/li>\n\n\n\n<li>Suivre l\u2019\u00e9tat des projets et des commandes en cours afin de garantir la satisfaction de la client\u00e8le.<\/li>\n\n\n\n<li>Corriger au besoin les entr\u00e9es de temps et effectuer les calculs finaux en vue de la facturation.<\/li>\n\n\n\n<li>B\u00e2tir des relations constructives avec les membres de diff\u00e9rents services.<\/li>\n\n\n\n<li>Bien conna\u00eetre les activit\u00e9s et proc\u00e9dures de l\u2019entreprise.<\/li>\n<\/ul>\n\n\n\n<h1 class=\"wp-block-heading\"><strong><strong>Exigences<\/strong><\/strong><\/h1>\n\n\n\n<p>Voici le profil de la candidature id\u00e9ale pour ce poste :<\/p>\n\n\n\n<h4 class=\"wp-block-heading\"><strong>Qualit\u00e9s et comp\u00e9tences<\/strong><\/h4>\n\n\n\n<ul class=\"wp-block-list\">\n<li>Bilinguisme (fran\u00e7ais et anglais), \u00e0 l\u2019oral comme \u00e0 l\u2019\u00e9crit<\/li>\n\n\n\n<li>Permis de conduire G et acc\u00e8s \u00e0 un v\u00e9hicule personnel<\/li>\n\n\n\n<li>Excellent sens de l\u2019organisation doubl\u00e9 d\u2019un grand souci du d\u00e9tail<\/li>\n\n\n\n<li>Capacit\u00e9 \u00e0 travailler seul(e) et en \u00e9quipe<\/li>\n\n\n\n<li>Capacit\u00e9 \u00e0 promouvoir les produits et services de l\u2019entreprise<\/li>\n\n\n\n<li>Capacit\u00e9 \u00e0 r\u00e9seauter et \u00e0 trouver des clients<\/li>\n\n\n\n<li>Excellente \u00e9coute active et excellentes capacit\u00e9s d\u2019interpr\u00e9tation<\/li>\n\n\n\n<li>Passion pour le service \u00e0 la client\u00e8le et l\u2019offre de solutions<\/li>\n\n\n\n<li>Confiance en soi et ax\u00e9e sur les r\u00e9sultats<\/li>\n\n\n\n<li>Connaissance de l\u2019un des secteurs suivants : impression, impression graphique grand format, enseignes, Web, production multim\u00e9dia, graphisme\/design, services cr\u00e9atifs, marketing, communications<\/li>\n\n\n\n<li>Ma\u00eetrise d\u2019un logiciel de facturation et de finance, par exemple QuickBooks<\/li>\n\n\n\n<li>Ma\u00eetrise de Microsoft 365 ou de Google Workspace.<\/li>\n\n\n\n<li>Connaissance \u00e9l\u00e9mentaire d\u2019une application d\u2019Adobe Creative Suite\/Adobe Creative Cloud (un atout important)<\/li>\n\n\n\n<li>Une liste de clients existants et un r\u00e9seau social dynamique (un atout important)<\/li>\n<\/ul>\n\n\n\n<h4 class=\"wp-block-heading\"><strong>Exp\u00e9rience<\/strong><\/h4>\n\n\n\n<ul class=\"wp-block-list\">\n<li>Au moins 2 ann\u00e9es d\u2019exp\u00e9rience de travail dans l\u2019un de ces secteurs :\n<ul class=\"wp-block-list\">\n<li>Impression num\u00e9rique et offset<\/li>\n\n\n\n<li>D\u00e9veloppement Web<\/li>\n\n\n\n<li>Impression grand format<\/li>\n\n\n\n<li>Graphisme\/Design, marketing, communication et services cr\u00e9atifs<\/li>\n<\/ul>\n<\/li>\n\n\n\n<li>Au moins 2 ann\u00e9es d\u2019exp\u00e9rience en vente ou en service \u00e0 la client\u00e8le (un atout important)<\/li>\n<\/ul>\n\n\n\n<h4 class=\"wp-block-heading\"><strong>Formation<\/strong><\/h4>\n\n\n\n<ul class=\"wp-block-list\">\n<li><span style=\"font-weight: 400;\">Un dipl\u00f4me ou une certification dans l\u2019un des domaines suivants constitue un atout de taille : marketing, communication, publicit\u00e9, graphisme, design, d\u00e9veloppement Web, production multim\u00e9dia, impression et graphiques, comptabilit\u00e9 et administration d\u2019entreprise (ou un domaine connexe).<\/span><\/li>\n<\/ul>\n\n\n\n<h1 class=\"wp-block-heading\"><strong><strong>Type de poste<\/strong><\/strong><\/h1>\n\n\n\n<p>Temps plein, permanent <span style=\"font-weight: 400;\"> \u2014 p\u00e9riode probatoire de 6 mois<\/span>.<\/p>\n\n\n\n<h1 class=\"wp-block-heading\"><strong><strong>Lieu de travail<\/strong><\/strong><\/h1>\n\n\n\n<p>Le candidat retenu travaillera de notre si\u00e8ge social, situ\u00e9 \u00e0 Casselman en Ontario.<\/p>\n\n\n\n<h1 class=\"wp-block-heading\"><strong>R\u00e9mun\u00e9ration initiale<\/strong><\/h1>\n\n\n\n<p>De 22.50 $ \u00e0 25 $ l\u2019heure (salaire annuel de 46\u2009800 $ \u00e0 52\u2009000 $ d\u2019apr\u00e8s une semaine de 40 heures).<\/p>\n\n\n\n<p>Votre salaire initial sera d\u00e9termin\u00e9 en fonction de votre exp\u00e9rience, de vos connaissances, de votre formation et de vos comp\u00e9tences. Il sera revu au terme de la p\u00e9riode d\u2019essai de six mois.<\/p>\n\n\n\n<h4 class=\"wp-block-heading\">Les avantages que nous vous offrons :<\/h4>\n\n\n\n<ul class=\"wp-block-list\">\n<li>Assurance collective et avantages sociaux en sant\u00e9.<\/li>\n\n\n\n<li>Programme d&rsquo;aide aux employ\u00e9s en mati\u00e8re de sant\u00e9 mentale et de bien-\u00eatre.<\/li>\n\n\n\n<li>Contribution au r\u00e9gime d&rsquo;\u00e9pargne-retraite collectif.<\/li>\n\n\n\n<li><span style=\"font-weight: 400;\">Programme de participation aux b\u00e9n\u00e9fices.<\/span><\/li>\n\n\n\n<li>Remboursement des frais de d\u00e9placement pour les voyages d\u2019affaires, formations et r\u00e9unions.<\/li>\n\n\n\n<li>Rabais pour le personnel.<\/li>\n\n\n\n<li>Modalit\u00e9s de travail flexible au sein d\u2019une entreprise en pleine croissance.<\/li>\n\n\n\n<li>Possibilit\u00e9s d\u2019avancement \u2014 nous croyons en un milieu de travail ouvert o\u00f9 votre r\u00f4le et celui de votre \u00e9quipe \u00e9voluent au fur et \u00e0 mesure que vous d\u00e9veloppez vos comp\u00e9tences et gagnez en exp\u00e9rience.<\/li>\n\n\n\n<li>Retraite annuelle d\u2019\u00e9quipe.<\/li>\n<\/ul>\n\n\n\n<h1 class=\"wp-block-heading\"><strong><strong>\u00c0 propos de KB Media<\/strong><\/strong><\/h1>\n\n\n\n<p>KB Media est une entreprise de solutions m\u00e9dia de premier plan offrant un service complet dans les domaines du design, de l\u2019image de marque, du marketing, des communications, de l\u2019impression, des articles promotionnels, de l\u2019affichage, de l\u2019habillage de v\u00e9hicules, de la conception et de l\u2019h\u00e9bergement de sites Web, de la photographie, de la vid\u00e9o et de la coordination d\u2019\u00e9v\u00e9nements sp\u00e9ciaux.<\/p>\n\n\n\n<p>Depuis son si\u00e8ge social situ\u00e9 25 minutes \u00e0 l\u2019est d\u2019Ottawa et ses bureaux d\u2019Ottawa, de Montr\u00e9al et de Toronto, KB Media accompagne des entreprises de diff\u00e9rents horizons dans l\u2019\u00e9laboration et la gestion de leur programme d\u2019image de marque. Peu d\u2019entreprises sont en mesure d\u2019\u00e9galer notre capacit\u00e9 \u00e0 consacrer une \u00e9quipe exp\u00e9riment\u00e9e de concepteurs, de chefs de projet, de concepteurs, de sp\u00e9cialistes de la production et de consultants aux comptes de leurs clients.<\/p>\n\n\n\n<p>En tant que ressource experte comptant plus de 30 ans d\u2019exp\u00e9rience, nous fournissons des services complets qui permettent \u00e0 nos clients d\u2019atteindre leurs objectifs de marque de la meilleure fa\u00e7on possible. Chez KB Media, nous nous effor\u00e7ons de d\u00e9velopper des relations \u00e0 long terme avec nos clients en fournissant un service et une expertise in\u00e9gal\u00e9s. Nous reconnaissons que la seule fa\u00e7on de d\u00e9velopper ces relations est par le biais de performances qui r\u00e9pondent et d\u00e9passent continuellement les attentes de nos clients.<\/p>\n\n\n\n<h1 class=\"wp-block-heading\"><strong><strong>Pour postuler<\/strong><\/strong><\/h1>\n\n\n\n<p>Vous souhaitez postuler\u2009? Envoyez votre CV et votre lettre de pr\u00e9sentation en format PDF \u00e0 <a href=\"mailto:cbenoit@kbmedia.ca\"><span style=\"font-weight: 400;\">cbenoit@kbmedia.ca<\/span><\/a><span style=\"font-weight: 400;\">. <\/span>\u00c0 noter que votre lettre de pr\u00e9sentation doit \u00eatre r\u00e9dig\u00e9e en fran\u00e7ais et en anglais. Vous devez y pr\u00e9senter votre exp\u00e9rience et expliquer en quoi vous \u00eates la personne id\u00e9ale pour ce poste. Nous remercions d\u2019avance tous ceux et celles qui postuleront, mais nous ne communiquerons qu\u2019avec les candidat(e)s qui r\u00e9pondront aux exigences du poste et que nous aurons s\u00e9lectionn\u00e9(e)s pour une entrevue.<\/p>\n","protected":false},"excerpt":{"rendered":"Vous \u00eates un ou une pro des relations avec la client\u00e8le\u2009? Vous souhaitez \u00e9voluer au sein d\u2019une entreprise cr\u00e9ative en pleine croissance\u2009? Vous vivez pour les objectifs et les d\u00e9fis\u2009? Vous \u00eates dou\u00e9(e) pour les chiffres et vous adorez offrir des solutions de commercialisation aux particuliers et aux entreprises\u2009?&nbsp;Nous avons une ouverture de poste d&rsquo;une dur\u00e9e d\u00e9termin\u00e9e avec la possibilit\u00e9 &#8230; <div><a href=\"https:\/\/kbmediacorp.ca\/fr\/coordonateur-de-projets-medias\/\" class=\"more-link\">Read More<\/a><\/div>","protected":false},"author":1,"featured_media":8015,"comment_status":"closed","ping_status":"closed","sticky":false,"template":"","format":"standard","meta":{"_acf_changed":false,"_seopress_robots_primary_cat":"none","_seopress_titles_title":"Coordonnateur(trice) de projets m\u00e9dias chez KB Media","_seopress_titles_desc":"","_seopress_robots_index":"","footnotes":""},"categories":[21],"tags":[],"class_list":["post-8124","post","type-post","status-publish","format-standard","has-post-thumbnail","hentry","category-carrieres"],"acf":[],"_links":{"self":[{"href":"https:\/\/kbmediacorp.ca\/fr\/wp-json\/wp\/v2\/posts\/8124","targetHints":{"allow":["GET"]}}],"collection":[{"href":"https:\/\/kbmediacorp.ca\/fr\/wp-json\/wp\/v2\/posts"}],"about":[{"href":"https:\/\/kbmediacorp.ca\/fr\/wp-json\/wp\/v2\/types\/post"}],"author":[{"embeddable":true,"href":"https:\/\/kbmediacorp.ca\/fr\/wp-json\/wp\/v2\/users\/1"}],"replies":[{"embeddable":true,"href":"https:\/\/kbmediacorp.ca\/fr\/wp-json\/wp\/v2\/comments?post=8124"}],"version-history":[{"count":18,"href":"https:\/\/kbmediacorp.ca\/fr\/wp-json\/wp\/v2\/posts\/8124\/revisions"}],"predecessor-version":[{"id":9754,"href":"https:\/\/kbmediacorp.ca\/fr\/wp-json\/wp\/v2\/posts\/8124\/revisions\/9754"}],"wp:featuredmedia":[{"embeddable":true,"href":"https:\/\/kbmediacorp.ca\/fr\/wp-json\/wp\/v2\/media\/8015"}],"wp:attachment":[{"href":"https:\/\/kbmediacorp.ca\/fr\/wp-json\/wp\/v2\/media?parent=8124"}],"wp:term":[{"taxonomy":"category","embeddable":true,"href":"https:\/\/kbmediacorp.ca\/fr\/wp-json\/wp\/v2\/categories?post=8124"},{"taxonomy":"post_tag","embeddable":true,"href":"https:\/\/kbmediacorp.ca\/fr\/wp-json\/wp\/v2\/tags?post=8124"}],"curies":[{"name":"wp","href":"https:\/\/api.w.org\/{rel}","templated":true}]}}